{"id":64822,"date":"2026-09-02T13:43:46","date_gmt":"2026-09-02T10:43:46","guid":{"rendered":"https:\/\/www.textilegence.com\/?p=64822"},"modified":"2026-09-02T13:43:51","modified_gmt":"2026-09-02T10:43:51","slug":"zimmer-to-unite-klagenfurt-and-kufstein-operations-in-a-single-organization","status":"publish","type":"post","link":"https:\/\/www.textilegence.com\/en\/zimmer-to-unite-klagenfurt-and-kufstein-operations-in-a-single-organization\/","title":{"rendered":"Zimmer to unite Klagenfurt and Kufstein operations in a single organization"},"content":{"rendered":"\n<p class=\"wp-block-paragraph\">Zimmer, which operates in the field of digital textile <a href=\"\/?cat_ID=5723\" target=\"_blank\" rel=\"noreferrer noopener\">printing<\/a> technologies, is preparing to unite its Klagenfurt and Kufstein operating companies in a single organization as part of its \u201cZimmer 2028\u201d strategic transformation initiative. Guided by the vision \u201cOne Company. Two Locations. One Shared Future,\u201d the initiative will bring the two operating companies together in a single organization effective January 1, 2028.<\/p>\n\n\n\n<p class=\"wp-block-paragraph\">According to the <a href=\"https:\/\/www.zimmer-austria.com\" target=\"_blank\" rel=\"noreferrer noopener\">company<\/a>, the transformation initiative was launched in response to evolving market requirements and to create the foundation for the company\u2019s future growth. Through the new organizational structure, Zimmer aims to consolidate expertise and create additional capacity for customer service, innovation and growth.<\/p>\n\n\n\n<h2 id=\"h-what-does-the-new-structure-aim-to-achieve\" class=\"wp-block-heading\">What does the new structure aim to achieve?<\/h2>\n\n\n\n<p class=\"wp-block-paragraph\">By combining the expertise, resources and technologies of the two companies, Zimmer aims to strengthen customer support, enable faster decision-making, enhance innovation capabilities and support sustainable long-term growth.<\/p>\n\n\n\n<p class=\"wp-block-paragraph\">The new organizational model is intended to establish a more agile, customer-oriented and future-ready structure that can respond more effectively to evolving market requirements.<\/p>\n\n\n\n<h2 id=\"h-changes-in-the-management-structure\" class=\"wp-block-heading\">Changes in the management structure<\/h2>\n\n\n\n<p class=\"wp-block-paragraph\">The strategic transformation initiative also includes changes to the company\u2019s management structure. According to the company, Horst Ros and J\u00fcrgen Scheriau stepped down from their roles as Managing Directors as of August 31, 2026. Horst Ros has left the company, while J\u00fcrgen Scheriau has withdrawn from the operational business and will no longer be involved in the company\u2019s day-to-day management.<\/p>\n\n\n\n<p class=\"wp-block-paragraph\">Effective September 1, 2026, Thomas Mentler and Andreas Rass, who have already been serving as Managing Directors of J. Zimmer Maschinenbau GmbH Kufstein | Digital Printing Systems, were appointed as Managing Directors of J. Zimmer Maschinenbau GmbH Klagenfurt. They will continue to lead both the Kufstein and Klagenfurt companies in their respective roles.<\/p>\n\n\n\n<p class=\"wp-block-paragraph\">Zimmer expects the integration of leadership and expertise to strengthen its ability to serve customers efficiently, accelerate innovation and position the company for sustainable long-term success. Guided by the vision \u201cOne Company. Two Locations. One Shared Future,\u201d the \u201cZimmer 2028\u201d initiative establishes the foundation for a more agile, customer-oriented and future-ready organization.<\/p>\n","protected":false},"excerpt":{"rendered":"<p>Zimmer, which operates in the field of digital textile printing technologies, is preparing to unite its Klagenfurt and Kufstein operating companies in a single organization as part of its \u201cZimmer 2028\u201d strategic transformation initiative. Guided by the vision \u201cOne Company. Two Locations. One Shared Future,\u201d the initiative will bring the two operating companies together in [&hellip;]<\/p>\n","protected":false},"author":8,"featured_media":64821,"comment_status":"closed","ping_status":"closed","sticky":false,"template":"","format":"standard","meta":{"footnotes":""},"categories":[9853],"tags":[10234,10311,10369],"class_list":["post-64822","post","type-post","status-publish","format-standard","has-post-thumbnail","category-printing","tag-digital-printing","tag-printing","tag-textile-news-en"],"yoast_head":"<!-- This site is optimized with the Yoast SEO Premium plugin v28.3 (Yoast SEO v28.3) - https:\/\/yoast.com\/product\/yoast-seo-premium-wordpress\/ -->\n<title>Zimmer to unite Klagenfurt and Kufstein operations in a single organization - Textilegence<\/title>\n<meta name=\"description\" content=\"Zimmer, which operates in the field of digital textile printing technologies, is preparing to unite its Klagenfurt and Kufstein operating...\" \/>\n<meta name=\"robots\" content=\"index, follow, max-snippet:-1, max-image-preview:large, max-video-preview:-1\" \/>\n<link rel=\"canonical\" href=\"https:\/\/www.textilegence.com\/en\/zimmer-to-unite-klagenfurt-and-kufstein-operations-in-a-single-organization\/\" \/>\n<meta property=\"og:locale\" content=\"en_US\" \/>\n<meta property=\"og:type\" content=\"article\" \/>\n<meta property=\"og:title\" content=\"Zimmer to unite Klagenfurt and Kufstein operations in a single organization\" \/>\n<meta property=\"og:description\" content=\"Zimmer, which operates in the field of digital textile printing technologies, is preparing to unite its Klagenfurt and Kufstein operating companies in a\" \/>\n<meta property=\"og:url\" content=\"https:\/\/www.textilegence.com\/en\/zimmer-to-unite-klagenfurt-and-kufstein-operations-in-a-single-organization\/\" \/>\n<meta property=\"og:site_name\" content=\"Textilegence Magazine and Digital Platform\" \/>\n<meta property=\"article:publisher\" content=\"https:\/\/www.facebook.com\/TextilegenceMagazine\" \/>\n<meta property=\"article:author\" content=\"https:\/\/www.facebook.com\/TextilegenceMagazine\" \/>\n<meta property=\"article:published_time\" content=\"2026-09-02T10:43:46+00:00\" \/>\n<meta property=\"article:modified_time\" content=\"2026-09-02T10:43:51+00:00\" \/>\n<meta property=\"og:image\" content=\"https:\/\/www.textilegence.com\/wp-content\/uploads\/2026\/09\/Haber-Gorseli-151-1.jpg\" \/>\n\t<meta property=\"og:image:width\" content=\"1920\" \/>\n\t<meta property=\"og:image:height\" content=\"1080\" \/>\n\t<meta property=\"og:image:type\" content=\"image\/jpeg\" \/>\n<meta name=\"author\" content=\"Fatih Cengiarslan\" \/>\n<meta name=\"twitter:card\" content=\"summary_large_image\" \/>\n<meta name=\"twitter:creator\" content=\"@https:\/\/twitter.com\/textilegence\" \/>\n<meta name=\"twitter:site\" content=\"@textilegence\" \/>\n<meta name=\"twitter:label1\" content=\"Written by\" \/>\n\t<meta name=\"twitter:data1\" content=\"Fatih Cengiarslan\" \/>\n\t<meta name=\"twitter:label2\" content=\"Est. reading time\" \/>\n\t<meta name=\"twitter:data2\" content=\"3 minutes\" \/>\n<script type=\"application\/ld+json\" class=\"yoast-schema-graph\">{\"@context\":\"https:\\\/\\\/schema.org\",\"@graph\":[{\"@type\":\"NewsArticle\",\"@id\":\"https:\\\/\\\/www.textilegence.com\\\/en\\\/zimmer-to-unite-klagenfurt-and-kufstein-operations-in-a-single-organization\\\/#article\",\"isPartOf\":{\"@id\":\"https:\\\/\\\/www.textilegence.com\\\/en\\\/zimmer-to-unite-klagenfurt-and-kufstein-operations-in-a-single-organization\\\/\"},\"author\":{\"name\":\"Fatih Cengiarslan\",\"@id\":\"https:\\\/\\\/www.textilegence.com\\\/en\\\/#\\\/schema\\\/person\\\/1c3977109f8a6e1e2b95678836d75cb7\"},\"headline\":\"Zimmer to unite Klagenfurt and Kufstein operations in a single organization\",\"datePublished\":\"2026-09-02T10:43:46+00:00\",\"dateModified\":\"2026-09-02T10:43:51+00:00\",\"mainEntityOfPage\":{\"@id\":\"https:\\\/\\\/www.textilegence.com\\\/en\\\/zimmer-to-unite-klagenfurt-and-kufstein-operations-in-a-single-organization\\\/\"},\"wordCount\":344,\"publisher\":{\"@id\":\"https:\\\/\\\/www.textilegence.com\\\/en\\\/#organization\"},\"image\":{\"@id\":\"https:\\\/\\\/www.textilegence.com\\\/en\\\/zimmer-to-unite-klagenfurt-and-kufstein-operations-in-a-single-organization\\\/#primaryimage\"},\"thumbnailUrl\":\"https:\\\/\\\/www.textilegence.com\\\/wp-content\\\/uploads\\\/2026\\\/09\\\/Haber-Gorseli-151-1.jpg\",\"keywords\":[\"digital printing\",\"printing\",\"textile news\"],\"articleSection\":[\"Printing\"],\"inLanguage\":\"en-US\"},{\"@type\":\"WebPage\",\"@id\":\"https:\\\/\\\/www.textilegence.com\\\/en\\\/zimmer-to-unite-klagenfurt-and-kufstein-operations-in-a-single-organization\\\/\",\"url\":\"https:\\\/\\\/www.textilegence.com\\\/en\\\/zimmer-to-unite-klagenfurt-and-kufstein-operations-in-a-single-organization\\\/\",\"name\":\"Zimmer to unite Klagenfurt and Kufstein operations in a single organization - Textilegence\",\"isPartOf\":{\"@id\":\"https:\\\/\\\/www.textilegence.com\\\/en\\\/#website\"},\"primaryImageOfPage\":{\"@id\":\"https:\\\/\\\/www.textilegence.com\\\/en\\\/zimmer-to-unite-klagenfurt-and-kufstein-operations-in-a-single-organization\\\/#primaryimage\"},\"image\":{\"@id\":\"https:\\\/\\\/www.textilegence.com\\\/en\\\/zimmer-to-unite-klagenfurt-and-kufstein-operations-in-a-single-organization\\\/#primaryimage\"},\"thumbnailUrl\":\"https:\\\/\\\/www.textilegence.com\\\/wp-content\\\/uploads\\\/2026\\\/09\\\/Haber-Gorseli-151-1.jpg\",\"datePublished\":\"2026-09-02T10:43:46+00:00\",\"dateModified\":\"2026-09-02T10:43:51+00:00\",\"description\":\"Zimmer, which operates in the field of digital textile printing technologies, is preparing to unite its Klagenfurt and Kufstein operating...\",\"breadcrumb\":{\"@id\":\"https:\\\/\\\/www.textilegence.com\\\/en\\\/zimmer-to-unite-klagenfurt-and-kufstein-operations-in-a-single-organization\\\/#breadcrumb\"},\"inLanguage\":\"en-US\",\"potentialAction\":[{\"@type\":\"ReadAction\",\"target\":[\"https:\\\/\\\/www.textilegence.com\\\/en\\\/zimmer-to-unite-klagenfurt-and-kufstein-operations-in-a-single-organization\\\/\"]}]},{\"@type\":\"ImageObject\",\"inLanguage\":\"en-US\",\"@id\":\"https:\\\/\\\/www.textilegence.com\\\/en\\\/zimmer-to-unite-klagenfurt-and-kufstein-operations-in-a-single-organization\\\/#primaryimage\",\"url\":\"https:\\\/\\\/www.textilegence.com\\\/wp-content\\\/uploads\\\/2026\\\/09\\\/Haber-Gorseli-151-1.jpg\",\"contentUrl\":\"https:\\\/\\\/www.textilegence.com\\\/wp-content\\\/uploads\\\/2026\\\/09\\\/Haber-Gorseli-151-1.jpg\",\"width\":1920,\"height\":1080,\"caption\":\"As part of the \u201cZimmer 2028\u201d initiative, Zimmer plans to unite its Klagenfurt and Kufstein operating companies in a single organization effective January 1, 2028, creating a more customer-oriented and future-ready structure. Image Source: Zimmer\"},{\"@type\":\"BreadcrumbList\",\"@id\":\"https:\\\/\\\/www.textilegence.com\\\/en\\\/zimmer-to-unite-klagenfurt-and-kufstein-operations-in-a-single-organization\\\/#breadcrumb\",\"itemListElement\":[{\"@type\":\"ListItem\",\"position\":1,\"name\":\"Home Page\",\"item\":\"https:\\\/\\\/www.textilegence.com\\\/en\\\/homepage-the-rimont\\\/\"},{\"@type\":\"ListItem\",\"position\":2,\"name\":\"Printing\",\"item\":\"https:\\\/\\\/www.textilegence.com\\\/en\\\/category\\\/printing\\\/\"},{\"@type\":\"ListItem\",\"position\":3,\"name\":\"Zimmer to unite Klagenfurt and Kufstein operations in a single organization\"}]},{\"@type\":\"WebSite\",\"@id\":\"https:\\\/\\\/www.textilegence.com\\\/en\\\/#website\",\"url\":\"https:\\\/\\\/www.textilegence.com\\\/en\\\/\",\"name\":\"Textilegence Magazine and Digital Platform\",\"description\":\"Textile News Center\",\"publisher\":{\"@id\":\"https:\\\/\\\/www.textilegence.com\\\/en\\\/#organization\"},\"potentialAction\":[{\"@type\":\"SearchAction\",\"target\":{\"@type\":\"EntryPoint\",\"urlTemplate\":\"https:\\\/\\\/www.textilegence.com\\\/en\\\/?s={search_term_string}\"},\"query-input\":{\"@type\":\"PropertyValueSpecification\",\"valueRequired\":true,\"valueName\":\"search_term_string\"}}],\"inLanguage\":\"en-US\"},{\"@type\":\"Organization\",\"@id\":\"https:\\\/\\\/www.textilegence.com\\\/en\\\/#organization\",\"name\":\"Textilegence Magazine and Digital Platform\",\"url\":\"https:\\\/\\\/www.textilegence.com\\\/en\\\/\",\"logo\":{\"@type\":\"ImageObject\",\"inLanguage\":\"en-US\",\"@id\":\"https:\\\/\\\/www.textilegence.com\\\/en\\\/#\\\/schema\\\/logo\\\/image\\\/\",\"url\":\"https:\\\/\\\/www.textilegence.com\\\/wp-content\\\/uploads\\\/2016\\\/11\\\/New_Retina_Logo_Textilegence.png\",\"contentUrl\":\"https:\\\/\\\/www.textilegence.com\\\/wp-content\\\/uploads\\\/2016\\\/11\\\/New_Retina_Logo_Textilegence.png\",\"width\":544,\"height\":180,\"caption\":\"Textilegence Magazine and Digital Platform\"},\"image\":{\"@id\":\"https:\\\/\\\/www.textilegence.com\\\/en\\\/#\\\/schema\\\/logo\\\/image\\\/\"},\"sameAs\":[\"https:\\\/\\\/www.facebook.com\\\/TextilegenceMagazine\",\"https:\\\/\\\/x.com\\\/textilegence\",\"https:\\\/\\\/www.instagram.com\\\/textilegence\\\/\",\"https:\\\/\\\/www.linkedin.com\\\/groups\\\/Textilegence-Magazine-Digital-Platform-4897253\",\"https:\\\/\\\/www.youtube.com\\\/user\\\/textilegence\"],\"description\":\"Textilegence is a magazine and digital platform established in 2013. It focuses on the textile industry and sub-segments. The platform provides news, articles, and updates on various aspects of the textile industry, including sustainability, technological advancements, and market trends.\",\"email\":\"editor@textilegence.com\",\"telephone\":\"+90 212 442 24 12\",\"legalName\":\"Textilegence Mag and Digital Platform\",\"foundingDate\":\"2013-01-01\",\"numberOfEmployees\":{\"@type\":\"QuantitativeValue\",\"minValue\":\"1\",\"maxValue\":\"10\"}},{\"@type\":\"Person\",\"@id\":\"https:\\\/\\\/www.textilegence.com\\\/en\\\/#\\\/schema\\\/person\\\/1c3977109f8a6e1e2b95678836d75cb7\",\"name\":\"Fatih Cengiarslan\",\"image\":{\"@type\":\"ImageObject\",\"inLanguage\":\"en-US\",\"@id\":\"https:\\\/\\\/www.textilegence.com\\\/wp-content\\\/uploads\\\/2018\\\/12\\\/fatih-cengiarslan.jpg\",\"url\":\"https:\\\/\\\/www.textilegence.com\\\/wp-content\\\/uploads\\\/2018\\\/12\\\/fatih-cengiarslan.jpg\",\"contentUrl\":\"https:\\\/\\\/www.textilegence.com\\\/wp-content\\\/uploads\\\/2018\\\/12\\\/fatih-cengiarslan.jpg\",\"caption\":\"Fatih Cengiarslan\"},\"description\":\"Fatih Cengiarslan; Akademik \u0130ngilizce e\u011fitimini Bat\u0131 Avustralya \u00dcniversitesi\u2019nde tamamlad\u0131ktan sonra T\u00fcrkiye\u2019ye d\u00f6nerek \u0130stanbul Ayd\u0131n \u00dcniversitesi\u2019nde \u0130nternet Gazetecili\u011fi ve Yay\u0131nc\u0131l\u0131k b\u00f6l\u00fcm\u00fcn\u00fc bitirip, Litvanya \u2013 Kaunas Teknoloji \u00dcniversitesi\u2019nde interaktif media \u00fczerine 8 ayl\u0131k e\u011fitim ald\u0131. Daha sonra Eski\u015fehir Anadolu \u00dcniversitesi girerek \u0130\u015fletme Fak\u00fcltesini ba\u015far\u0131yla tamamlad\u0131. CNNTURK\u2019 kanal\u0131nda staj\u0131n\u0131 tamamlad\u0131ktan sonra Referans Gazetesi\u2019nde \u00e7al\u0131\u015fmaya ba\u015flad\u0131. 2 y\u0131l sonra Textilegence markas\u0131yla tekstil end\u00fcstrisine y\u00f6nelik kendi medyas\u0131n\u0131 kurdu. \u015eu anda Textilegence.com, Printing3D ve NEFA PR Ajans\u0131\u2019n\u0131n 12 y\u0131ld\u0131r y\u00f6netimini yapmaktad\u0131r.\",\"sameAs\":[\"https:\\\/\\\/www.textilegence.com\",\"https:\\\/\\\/www.facebook.com\\\/TextilegenceMagazine\",\"https:\\\/\\\/www.instagram.com\\\/textilegence\\\/\",\"https:\\\/\\\/www.linkedin.com\\\/in\\\/fatih-cengiarslan-32352265\\\/\",\"https:\\\/\\\/x.com\\\/https:\\\/\\\/twitter.com\\\/textilegence\"],\"url\":\"https:\\\/\\\/www.textilegence.com\\\/en\\\/author\\\/admin\\\/\"}]}<\/script>\n<!-- \/ Yoast SEO Premium plugin. -->","yoast_head_json":{"title":"Zimmer to unite Klagenfurt and Kufstein operations in a single organization - Textilegence","description":"Zimmer, which operates in the field of digital textile printing technologies, is preparing to unite its Klagenfurt and Kufstein operating...","robots":{"index":"index","follow":"follow","max-snippet":"max-snippet:-1","max-image-preview":"max-image-preview:large","max-video-preview":"max-video-preview:-1"},"canonical":"https:\/\/www.textilegence.com\/en\/zimmer-to-unite-klagenfurt-and-kufstein-operations-in-a-single-organization\/","og_locale":"en_US","og_type":"article","og_title":"Zimmer to unite Klagenfurt and Kufstein operations in a single organization","og_description":"Zimmer, which operates in the field of digital textile printing technologies, is preparing to unite its Klagenfurt and Kufstein operating companies in a","og_url":"https:\/\/www.textilegence.com\/en\/zimmer-to-unite-klagenfurt-and-kufstein-operations-in-a-single-organization\/","og_site_name":"Textilegence Magazine and Digital Platform","article_publisher":"https:\/\/www.facebook.com\/TextilegenceMagazine","article_author":"https:\/\/www.facebook.com\/TextilegenceMagazine","article_published_time":"2026-09-02T10:43:46+00:00","article_modified_time":"2026-09-02T10:43:51+00:00","og_image":[{"width":1920,"height":1080,"url":"https:\/\/www.textilegence.com\/wp-content\/uploads\/2026\/09\/Haber-Gorseli-151-1.jpg","type":"image\/jpeg"}],"author":"Fatih Cengiarslan","twitter_card":"summary_large_image","twitter_creator":"@https:\/\/twitter.com\/textilegence","twitter_site":"@textilegence","twitter_misc":{"Written by":"Fatih Cengiarslan","Est. reading time":"3 minutes"},"schema":{"@context":"https:\/\/schema.org","@graph":[{"@type":"NewsArticle","@id":"https:\/\/www.textilegence.com\/en\/zimmer-to-unite-klagenfurt-and-kufstein-operations-in-a-single-organization\/#article","isPartOf":{"@id":"https:\/\/www.textilegence.com\/en\/zimmer-to-unite-klagenfurt-and-kufstein-operations-in-a-single-organization\/"},"author":{"name":"Fatih Cengiarslan","@id":"https:\/\/www.textilegence.com\/en\/#\/schema\/person\/1c3977109f8a6e1e2b95678836d75cb7"},"headline":"Zimmer to unite Klagenfurt and Kufstein operations in a single organization","datePublished":"2026-09-02T10:43:46+00:00","dateModified":"2026-09-02T10:43:51+00:00","mainEntityOfPage":{"@id":"https:\/\/www.textilegence.com\/en\/zimmer-to-unite-klagenfurt-and-kufstein-operations-in-a-single-organization\/"},"wordCount":344,"publisher":{"@id":"https:\/\/www.textilegence.com\/en\/#organization"},"image":{"@id":"https:\/\/www.textilegence.com\/en\/zimmer-to-unite-klagenfurt-and-kufstein-operations-in-a-single-organization\/#primaryimage"},"thumbnailUrl":"https:\/\/www.textilegence.com\/wp-content\/uploads\/2026\/09\/Haber-Gorseli-151-1.jpg","keywords":["digital printing","printing","textile news"],"articleSection":["Printing"],"inLanguage":"en-US"},{"@type":"WebPage","@id":"https:\/\/www.textilegence.com\/en\/zimmer-to-unite-klagenfurt-and-kufstein-operations-in-a-single-organization\/","url":"https:\/\/www.textilegence.com\/en\/zimmer-to-unite-klagenfurt-and-kufstein-operations-in-a-single-organization\/","name":"Zimmer to unite Klagenfurt and Kufstein operations in a single organization - Textilegence","isPartOf":{"@id":"https:\/\/www.textilegence.com\/en\/#website"},"primaryImageOfPage":{"@id":"https:\/\/www.textilegence.com\/en\/zimmer-to-unite-klagenfurt-and-kufstein-operations-in-a-single-organization\/#primaryimage"},"image":{"@id":"https:\/\/www.textilegence.com\/en\/zimmer-to-unite-klagenfurt-and-kufstein-operations-in-a-single-organization\/#primaryimage"},"thumbnailUrl":"https:\/\/www.textilegence.com\/wp-content\/uploads\/2026\/09\/Haber-Gorseli-151-1.jpg","datePublished":"2026-09-02T10:43:46+00:00","dateModified":"2026-09-02T10:43:51+00:00","description":"Zimmer, which operates in the field of digital textile printing technologies, is preparing to unite its Klagenfurt and Kufstein operating...","breadcrumb":{"@id":"https:\/\/www.textilegence.com\/en\/zimmer-to-unite-klagenfurt-and-kufstein-operations-in-a-single-organization\/#breadcrumb"},"inLanguage":"en-US","potentialAction":[{"@type":"ReadAction","target":["https:\/\/www.textilegence.com\/en\/zimmer-to-unite-klagenfurt-and-kufstein-operations-in-a-single-organization\/"]}]},{"@type":"ImageObject","inLanguage":"en-US","@id":"https:\/\/www.textilegence.com\/en\/zimmer-to-unite-klagenfurt-and-kufstein-operations-in-a-single-organization\/#primaryimage","url":"https:\/\/www.textilegence.com\/wp-content\/uploads\/2026\/09\/Haber-Gorseli-151-1.jpg","contentUrl":"https:\/\/www.textilegence.com\/wp-content\/uploads\/2026\/09\/Haber-Gorseli-151-1.jpg","width":1920,"height":1080,"caption":"As part of the \u201cZimmer 2028\u201d initiative, Zimmer plans to unite its Klagenfurt and Kufstein operating companies in a single organization effective January 1, 2028, creating a more customer-oriented and future-ready structure. Image Source: Zimmer"},{"@type":"BreadcrumbList","@id":"https:\/\/www.textilegence.com\/en\/zimmer-to-unite-klagenfurt-and-kufstein-operations-in-a-single-organization\/#breadcrumb","itemListElement":[{"@type":"ListItem","position":1,"name":"Home Page","item":"https:\/\/www.textilegence.com\/en\/homepage-the-rimont\/"},{"@type":"ListItem","position":2,"name":"Printing","item":"https:\/\/www.textilegence.com\/en\/category\/printing\/"},{"@type":"ListItem","position":3,"name":"Zimmer to unite Klagenfurt and Kufstein operations in a single organization"}]},{"@type":"WebSite","@id":"https:\/\/www.textilegence.com\/en\/#website","url":"https:\/\/www.textilegence.com\/en\/","name":"Textilegence Magazine and Digital Platform","description":"Textile News Center","publisher":{"@id":"https:\/\/www.textilegence.com\/en\/#organization"},"potentialAction":[{"@type":"SearchAction","target":{"@type":"EntryPoint","urlTemplate":"https:\/\/www.textilegence.com\/en\/?s={search_term_string}"},"query-input":{"@type":"PropertyValueSpecification","valueRequired":true,"valueName":"search_term_string"}}],"inLanguage":"en-US"},{"@type":"Organization","@id":"https:\/\/www.textilegence.com\/en\/#organization","name":"Textilegence Magazine and Digital Platform","url":"https:\/\/www.textilegence.com\/en\/","logo":{"@type":"ImageObject","inLanguage":"en-US","@id":"https:\/\/www.textilegence.com\/en\/#\/schema\/logo\/image\/","url":"https:\/\/www.textilegence.com\/wp-content\/uploads\/2016\/11\/New_Retina_Logo_Textilegence.png","contentUrl":"https:\/\/www.textilegence.com\/wp-content\/uploads\/2016\/11\/New_Retina_Logo_Textilegence.png","width":544,"height":180,"caption":"Textilegence Magazine and Digital Platform"},"image":{"@id":"https:\/\/www.textilegence.com\/en\/#\/schema\/logo\/image\/"},"sameAs":["https:\/\/www.facebook.com\/TextilegenceMagazine","https:\/\/x.com\/textilegence","https:\/\/www.instagram.com\/textilegence\/","https:\/\/www.linkedin.com\/groups\/Textilegence-Magazine-Digital-Platform-4897253","https:\/\/www.youtube.com\/user\/textilegence"],"description":"Textilegence is a magazine and digital platform established in 2013. It focuses on the textile industry and sub-segments. The platform provides news, articles, and updates on various aspects of the textile industry, including sustainability, technological advancements, and market trends.","email":"editor@textilegence.com","telephone":"+90 212 442 24 12","legalName":"Textilegence Mag and Digital Platform","foundingDate":"2013-01-01","numberOfEmployees":{"@type":"QuantitativeValue","minValue":"1","maxValue":"10"}},{"@type":"Person","@id":"https:\/\/www.textilegence.com\/en\/#\/schema\/person\/1c3977109f8a6e1e2b95678836d75cb7","name":"Fatih Cengiarslan","image":{"@type":"ImageObject","inLanguage":"en-US","@id":"https:\/\/www.textilegence.com\/wp-content\/uploads\/2018\/12\/fatih-cengiarslan.jpg","url":"https:\/\/www.textilegence.com\/wp-content\/uploads\/2018\/12\/fatih-cengiarslan.jpg","contentUrl":"https:\/\/www.textilegence.com\/wp-content\/uploads\/2018\/12\/fatih-cengiarslan.jpg","caption":"Fatih Cengiarslan"},"description":"Fatih Cengiarslan; Akademik \u0130ngilizce e\u011fitimini Bat\u0131 Avustralya \u00dcniversitesi\u2019nde tamamlad\u0131ktan sonra T\u00fcrkiye\u2019ye d\u00f6nerek \u0130stanbul Ayd\u0131n \u00dcniversitesi\u2019nde \u0130nternet Gazetecili\u011fi ve Yay\u0131nc\u0131l\u0131k b\u00f6l\u00fcm\u00fcn\u00fc bitirip, Litvanya \u2013 Kaunas Teknoloji \u00dcniversitesi\u2019nde interaktif media \u00fczerine 8 ayl\u0131k e\u011fitim ald\u0131. Daha sonra Eski\u015fehir Anadolu \u00dcniversitesi girerek \u0130\u015fletme Fak\u00fcltesini ba\u015far\u0131yla tamamlad\u0131. CNNTURK\u2019 kanal\u0131nda staj\u0131n\u0131 tamamlad\u0131ktan sonra Referans Gazetesi\u2019nde \u00e7al\u0131\u015fmaya ba\u015flad\u0131. 2 y\u0131l sonra Textilegence markas\u0131yla tekstil end\u00fcstrisine y\u00f6nelik kendi medyas\u0131n\u0131 kurdu. \u015eu anda Textilegence.com, Printing3D ve NEFA PR Ajans\u0131\u2019n\u0131n 12 y\u0131ld\u0131r y\u00f6netimini yapmaktad\u0131r.","sameAs":["https:\/\/www.textilegence.com","https:\/\/www.facebook.com\/TextilegenceMagazine","https:\/\/www.instagram.com\/textilegence\/","https:\/\/www.linkedin.com\/in\/fatih-cengiarslan-32352265\/","https:\/\/x.com\/https:\/\/twitter.com\/textilegence"],"url":"https:\/\/www.textilegence.com\/en\/author\/admin\/"}]}},"_links":{"self":[{"href":"https:\/\/www.textilegence.com\/en\/wp-json\/wp\/v2\/posts\/64822","targetHints":{"allow":["GET"]}}],"collection":[{"href":"https:\/\/www.textilegence.com\/en\/wp-json\/wp\/v2\/posts"}],"about":[{"href":"https:\/\/www.textilegence.com\/en\/wp-json\/wp\/v2\/types\/post"}],"author":[{"embeddable":true,"href":"https:\/\/www.textilegence.com\/en\/wp-json\/wp\/v2\/users\/8"}],"replies":[{"embeddable":true,"href":"https:\/\/www.textilegence.com\/en\/wp-json\/wp\/v2\/comments?post=64822"}],"version-history":[{"count":3,"href":"https:\/\/www.textilegence.com\/en\/wp-json\/wp\/v2\/posts\/64822\/revisions"}],"predecessor-version":[{"id":64825,"href":"https:\/\/www.textilegence.com\/en\/wp-json\/wp\/v2\/posts\/64822\/revisions\/64825"}],"wp:featuredmedia":[{"embeddable":true,"href":"https:\/\/www.textilegence.com\/en\/wp-json\/wp\/v2\/media\/64821"}],"wp:attachment":[{"href":"https:\/\/www.textilegence.com\/en\/wp-json\/wp\/v2\/media?parent=64822"}],"wp:term":[{"taxonomy":"category","embeddable":true,"href":"https:\/\/www.textilegence.com\/en\/wp-json\/wp\/v2\/categories?post=64822"},{"taxonomy":"post_tag","embeddable":true,"href":"https:\/\/www.textilegence.com\/en\/wp-json\/wp\/v2\/tags?post=64822"}],"curies":[{"name":"wp","href":"https:\/\/api.w.org\/{rel}","templated":true}]}}